{"id":1650,"global_id":"soggeschuss.de?id=1650","global_id_lineage":["soggeschuss.de?id=1650"],"author":"3","status":"publish","date":"2024-06-24 10:58:10","date_utc":"2024-06-24 10:58:10","modified":"2024-06-24 10:58:10","modified_utc":"2024-06-24 10:58:10","url":"https:\/\/soggeschuss.de\/?tribe_events=einweihung-des-gartens-der-sinne","rest_url":"https:\/\/soggeschuss.de\/index.php?rest_route=\/tribe\/events\/v1\/events\/1650","title":"Einweihung des Gartens der Sinne","description":"<div class=\"shariff\" data-title=\"\" data-info-url=\"http:\/\/ct.de\/-2467514\" data-backend-url=\"https:\/\/soggeschuss.de\/wp-content\/plugins\/shariff-sharing\/backend\/index.php\" data-temp=\"\/tmp\" data-ttl=\"60\" data-service=\"gf\" data-services='[\"googleplus\",\"facebook\",\"whatsapp\",\"info\"]' data-image=\"\" data-url=\"\" data-lang=\"de\" data-theme=\"color\" data-orientation=\"horizontal\"><\/div><p>Der &#8220;Garten der Sinne&#8221;, eine Wohlf\u00fchloase f\u00fcr die Bewohner in der Philipp-J\u00e4ger-Wohnanlage wird eingeweiht. Ein kleiner Rundweg, ein sprudelnder Wasserstein, Hochbeete, ein Barfu\u00dfpfad und eine Tastwand sind angelegt. Au\u00dferdem sind eine Nestschaukel und Sitzm\u00f6glichkeiten hinzugekommen. Wir freuen uns die Einweihung musikalisch zu umrahmen.<\/p>","excerpt":"","slug":"einweihung-des-gartens-der-sinne","image":false,"all_day":false,"start_date":"2024-07-12 12:00:00","start_date_details":{"year":"2024","month":"07","day":"12","hour":"12","minutes":"00","seconds":"00"},"end_date":"2024-07-12 15:30:00","end_date_details":{"year":"2024","month":"07","day":"12","hour":"15","minutes":"30","seconds":"00"},"utc_start_date":"2024-07-12 12:00:00","utc_start_date_details":{"year":"2024","month":"07","day":"12","hour":"12","minutes":"00","seconds":"00"},"utc_end_date":"2024-07-12 15:30:00","utc_end_date_details":{"year":"2024","month":"07","day":"12","hour":"15","minutes":"30","seconds":"00"},"timezone":"UTC+0","timezone_abbr":"UTC+0","cost":"frei","cost_details":{"currency_symbol":"","currency_position":"prefix","values":["frei"]},"website":"","show_map":true,"show_map_link":true,"hide_from_listings":false,"sticky":false,"featured":false,"categories":[],"tags":[],"venue":{"id":1654,"author":"3","status":"publish","date":"2024-06-24 10:58:10","date_utc":"2024-06-24 10:58:10","modified":"2024-06-24 10:58:10","modified_utc":"2024-06-24 10:58:10","url":"https:\/\/soggeschuss.de\/?tribe_venue=philipp-jaeger-wohnanlage-behindertenhilfe-2","venue":"Philipp-J\u00e4ger-Wohnanlage, Behindertenhilfe","description":"<div class=\"shariff\" data-title=\"\" data-info-url=\"http:\/\/ct.de\/-2467514\" data-backend-url=\"https:\/\/soggeschuss.de\/wp-content\/plugins\/shariff-sharing\/backend\/index.php\" data-temp=\"\/tmp\" data-ttl=\"60\" data-service=\"gf\" data-services='[\"googleplus\",\"facebook\",\"whatsapp\",\"info\"]' data-image=\"\" data-url=\"\" data-lang=\"de\" data-theme=\"color\" data-orientation=\"horizontal\"><\/div>","slug":"philipp-jaeger-wohnanlage-behindertenhilfe-2","address":"Kind\u00e4ckerweg 3","city":"Dietzenbach","country":"Deutschland","zip":"63128","phone":"06074\/ 82 90-66","website":"www.behindertenhilfe-offenbach.de","json_ld":{"@type":"Place","name":"Philipp-J\u00e4ger-Wohnanlage, Behindertenhilfe","description":"","url":false,"address":{"@type":"PostalAddress","streetAddress":"Kind\u00e4ckerweg 3","addressLocality":"Dietzenbach","postalCode":"63128","addressCountry":"Deutschland"},"telephone":"06074\/ 82 90-66","sameAs":"www.behindertenhilfe-offenbach.de"},"show_map":true,"show_map_link":true,"global_id":"soggeschuss.de?id=1654","global_id_lineage":["soggeschuss.de?id=1654"]},"organizer":[{"id":1655,"author":"3","status":"publish","date":"2024-06-24 10:58:11","date_utc":"2024-06-24 10:58:11","modified":"2024-06-24 10:58:11","modified_utc":"2024-06-24 10:58:11","url":"https:\/\/soggeschuss.de\/?tribe_organizer=philipp-jaeger-wohnanlage-2","organizer":"Philipp-J\u00e4ger-Wohnanlage","description":"<div class=\"shariff\" data-title=\"\" data-info-url=\"http:\/\/ct.de\/-2467514\" data-backend-url=\"https:\/\/soggeschuss.de\/wp-content\/plugins\/shariff-sharing\/backend\/index.php\" data-temp=\"\/tmp\" data-ttl=\"60\" data-service=\"gf\" data-services='[\"googleplus\",\"facebook\",\"whatsapp\",\"info\"]' data-image=\"\" data-url=\"\" data-lang=\"de\" data-theme=\"color\" data-orientation=\"horizontal\"><\/div>","slug":"philipp-jaeger-wohnanlage-2","phone":"06074\/ 82 90-66","website":"www.behindertenhilfe-offenbach.de","json_ld":{"@type":"Person","name":"Philipp-J\u00e4ger-Wohnanlage","description":"","url":false,"telephone":"06074\/ 82 90-66","email":"","sameAs":"http:\/\/www.behindertenhilfe-offenbach.de"},"global_id":"soggeschuss.de?id=1655","global_id_lineage":["soggeschuss.de?id=1655"]}],"json_ld":{"@context":"http:\/\/schema.org","@type":"Event","name":"Einweihung des Gartens der Sinne","description":"&lt;p&gt;Der &quot;Garten der Sinne&quot;, eine Wohlf\u00fchloase f\u00fcr die Bewohner in der Philipp-J\u00e4ger-Wohnanlage wird eingeweiht. Ein kleiner Rundweg, ein sprudelnder Wasserstein, Hochbeete, ein Barfu\u00dfpfad und eine Tastwand sind angelegt. Au\u00dferdem sind eine Nestschaukel und Sitzm\u00f6glichkeiten hinzugekommen. Wir freuen uns die Einweihung musikalisch zu umrahmen.&lt;\/p&gt;\\n","url":"https:\/\/soggeschuss.de\/?tribe_events=einweihung-des-gartens-der-sinne","startDate":"2024-07-12T12:00:00+00:00","endDate":"2024-07-12T15:30:00+00:00","location":{"@type":"Place","name":"Philipp-J\u00e4ger-Wohnanlage, Behindertenhilfe","description":"","url":false,"address":{"@type":"PostalAddress","streetAddress":"Kind\u00e4ckerweg 3","addressLocality":"Dietzenbach","postalCode":"63128","addressCountry":"Deutschland"},"telephone":"06074\/ 82 90-66","sameAs":"www.behindertenhilfe-offenbach.de"},"organizer":{"@type":"Person","name":"Philipp-J\u00e4ger-Wohnanlage","description":"","url":false,"telephone":"06074\/ 82 90-66","email":"","sameAs":"http:\/\/www.behindertenhilfe-offenbach.de"},"offers":{"@type":"Offer","price":"frei","priceCurrency":"USD","url":"https:\/\/soggeschuss.de\/?tribe_events=einweihung-des-gartens-der-sinne","category":"primary","availability":"inStock","validFrom":"2026-06-24T11:24:00+00:00"},"performer":"Organization"}}